{"id":9191,"date":"2012-02-02T18:23:30","date_gmt":"2012-02-02T16:23:30","guid":{"rendered":"http:\/\/www.literaturaprospectiva.com\/?p=9191"},"modified":"2012-02-02T18:23:30","modified_gmt":"2012-02-02T16:23:30","slug":"el-reverso-oscuro-de-amazon","status":"publish","type":"post","link":"http:\/\/www.literaturaprospectiva.com\/?p=9191","title":{"rendered":"El reverso oscuro de Amazon"},"content":{"rendered":"<p><em>Libro de notas<\/em> ha recuperado <a title=\"Adieu Kindle\" href=\"http:\/\/librodenotas.com\/opiniondivulgacion\/21868\/adieu-kindle\" target=\"_blank\">un texto de Peter K\u00f6llner<\/a> donde relata los problemas que presenta la fragmentaci\u00f3n por pa\u00edses de las tiendas Amazon.<\/p>\n","protected":false},"excerpt":{"rendered":"<p>Libro de notas ha recuperado un texto de Peter K\u00f6llner donde relata los problemas que presenta la fragmentaci\u00f3n por pa\u00edses de las tiendas Amazon.<\/p>\n","protected":false},"author":3,"featured_media":0,"comment_status":"open","ping_status":"open","sticky":false,"template":"","format":"standard","meta":{"footnotes":""},"categories":[9],"tags":[],"class_list":["post-9191","post","type-post","status-publish","format-standard","hentry","category-recomendamos"],"_links":{"self":[{"href":"http:\/\/www.literaturaprospectiva.com\/index.php?rest_route=\/wp\/v2\/posts\/9191","targetHints":{"allow":["GET"]}}],"collection":[{"href":"http:\/\/www.literaturaprospectiva.com\/index.php?rest_route=\/wp\/v2\/posts"}],"about":[{"href":"http:\/\/www.literaturaprospectiva.com\/index.php?rest_route=\/wp\/v2\/types\/post"}],"author":[{"embeddable":true,"href":"http:\/\/www.literaturaprospectiva.com\/index.php?rest_route=\/wp\/v2\/users\/3"}],"replies":[{"embeddable":true,"href":"http:\/\/www.literaturaprospectiva.com\/index.php?rest_route=%2Fwp%2Fv2%2Fcomments&post=9191"}],"version-history":[{"count":1,"href":"http:\/\/www.literaturaprospectiva.com\/index.php?rest_route=\/wp\/v2\/posts\/9191\/revisions"}],"predecessor-version":[{"id":9192,"href":"http:\/\/www.literaturaprospectiva.com\/index.php?rest_route=\/wp\/v2\/posts\/9191\/revisions\/9192"}],"wp:attachment":[{"href":"http:\/\/www.literaturaprospectiva.com\/index.php?rest_route=%2Fwp%2Fv2%2Fmedia&parent=9191"}],"wp:term":[{"taxonomy":"category","embeddable":true,"href":"http:\/\/www.literaturaprospectiva.com\/index.php?rest_route=%2Fwp%2Fv2%2Fcategories&post=9191"},{"taxonomy":"post_tag","embeddable":true,"href":"http:\/\/www.literaturaprospectiva.com\/index.php?rest_route=%2Fwp%2Fv2%2Ftags&post=9191"}],"curies":[{"name":"wp","href":"https:\/\/api.w.org\/{rel}","templated":true}]}}