{"id":1083,"date":"2009-04-20T06:35:26","date_gmt":"2009-04-20T04:35:26","guid":{"rendered":"http:\/\/www.literaturaprospectiva.com\/?p=1083"},"modified":"2013-07-30T14:03:24","modified_gmt":"2013-07-30T12:03:24","slug":"seis-simples-motivos","status":"publish","type":"post","link":"https:\/\/www.literaturaprospectiva.com\/?p=1083","title":{"rendered":"Seis simples motivos"},"content":{"rendered":"<p>por <strong>Jos\u00e9 Ram\u00f3n V\u00e1zquez<\/strong><\/p>\n<p><a href=\"http:\/\/www.literaturaprospectiva.com\/wp-content\/uploads\/Follonero.jpg\"><img loading=\"lazy\" decoding=\"async\" class=\"alignright size-medium wp-image-9728\" style=\"margin-left: 3px; margin-right: 3px;\" title=\"Follonero\" src=\"http:\/\/www.literaturaprospectiva.com\/wp-content\/uploads\/Follonero-300x104.jpg\" alt=\"\" width=\"300\" height=\"104\" srcset=\"https:\/\/www.literaturaprospectiva.com\/wp-content\/uploads\/Follonero-300x104.jpg 300w, https:\/\/www.literaturaprospectiva.com\/wp-content\/uploads\/Follonero.jpg 861w\" sizes=\"auto, (max-width: 300px) 100vw, 300px\" \/><\/a>Seis simples motivos que demuestran que el verdadero futuro del g\u00e9nero (y la literatura) est\u00e1 en el libro electr\u00f3nico:<\/p>\n<p>1.- <a href=\"http:\/\/www.lulu.com\/content\/e-book\/science-fiction-poems\/5580612\">Poemas de ciencia ficci\u00f3n<\/a> de Dan Lozer<br \/>\n10 poemas de ciencia ficci\u00f3n en 10 e-p\u00e1ginas. La mayor\u00eda trata sobre d\u00f3nde nos llevan los problemas actuales de forma l\u00f3gica (por ejemplo: la carencia de agua nos convertir\u00e1 en vampiros).<\/p>\n<p>2.- <a href=\"http:\/\/www.bubok.com\/libros\/7593\/Hellson-2-Evolucion\">Hellson 2: Evoluci\u00f3n<\/a>, de Aurora Seldon<br \/>\nInspirado en los X-Files, en el genial <em>M\u00e1s que humano<\/em> de Theodore Sturgeon, en historias paranormales, ciencia ficci\u00f3n y fantas\u00eda, <em>Hellson 2: Evoluci\u00f3n <\/em>es el segundo de una serie de varios libros homoer\u00f3ticos que se inici\u00f3 con <em>Hellson 1: Sinergia.<br \/>\n<\/em>Martin y John han tenido un periodo de aparente descanso, luego del cual se involucran en un caso en el que descubren a uno de los Primitivos en Italia, y all\u00ed se encuentran con Laura Ambler, la muchacha cuya familia fue asesinada por el brujo Everard. Laura se une a ellos y desencadena un desequilibrio en la gestalt acentuado por la presencia de Armand de Beaufort, joven telekin\u00e9tico alumno de John. Las cosas se complican cuando Antoine Dubois hace su aparici\u00f3n y despierta al esp\u00edritu de Guillaume de Ridefort, fundador del C\u00edrculo, quien estaba prisionero en un sarc\u00f3fago revestido de argium. Gracias a \u00e9l, Martin y John descubren el camino de la evoluci\u00f3n de la gestalt. El engranaje comienza a moverse r\u00e1pidamente.<\/p>\n<p>3.-<a href=\"http:\/\/www.lulu.com\/content\/libro-tapa-blanda\/el-rey-de-las-esfinges-la-c%C3%B3lera-de-n%C3%A9bulos\/1412696\">El rey de las Esfinges. La c\u00f3lera de N\u00e9bulos II<\/a>, de Francisco J. Ill\u00e1n Vivas.<br \/>\nEl libro del que todo el mundo habla en los foros. Insistentemente. La segunda parte de la saga de N\u00e9bulos salida de la imaginaci\u00f3n del m\u00e1s f\u00e9rtil autor de Molina de Segura (Murcia).<\/p>\n<p>4.- <a href=\"http:\/\/www.lulu.com\/content\/paperback-book\/situation-vacant\/393920\">Situation vacant<\/a>, de Gabrielle Staples<br \/>\nBuscar trabajo cuando eres una mujer de mediana edad con un hijo peque\u00f1o no es f\u00e1cil. Francamente, es deprimente. Ruth Watson responde a un extra\u00f1o anuncio que le har\u00e1 tomar un puesto que nunca imaginaba: salvadora no s\u00f3lo del universo sino del multiverso. Arrojada a un mundo paralelo, en se ve obligada a tomar el manto del Mage Prime, poniendo en peligro en el proceso a s\u00ed misma, su hijo y sus nuevos amigos. Al mismo tiempo descubrir\u00e1 que no es demasiado mayor para enamorarse del hombre m\u00e1s apuesto de los alrededores. Magia, destrucci\u00f3n y un elenco de personajes maravillosos que te har\u00e1n pasar las p\u00e1ginas hasta altas horas de la noche en este primer volumen de la Cr\u00f3nica del Multiverso Peleariano.<\/p>\n<p>5.- <a href=\"http:\/\/www.lulu.com\/content\/paperback-book\/vatican-assassin\/194611\">Vatican assassin<\/a>, de Mike Luoma.<br \/>\nLos amigos de Bernard Campion le llaman \u201dBC\u201d. Aunque no tenga demasiados. No se pueden hacer muchos amigos cuando eres un asesino. Su misi\u00f3n: eliminar al Gobernador de Luna Prime, Meredith McEntyre. Sus jefes: la Oficina de Operaciones Papales. La OPO dice que la gobernadora ha estado simpatizando con el enemigo, la Naci\u00f3n Universal del Islam (NUI). BC trabaja para el Papa. Es el a\u00f1o 2109, tiempo de guerra. BC es \u201coficialmente\u201d asignado como Relaciones P\u00fablicas a la Misi\u00f3n del Vaticano en Luna Prime, la ciudad m\u00e1s grande de la Luna. Simplementa un joven y educado sacerdote de veintitantos trabajando para la Nueva Iglesia Cat\u00f3lica. Pero en realidad es un arma que apunta a la NUI por parte de la NIC y sus aliados de la Tierra, la Zona de Comercio Universal, la ZCU.<\/p>\n<p>6.- <a href=\"http:\/\/www.edicionesefimeras.com\/subcontratado.html\">Subcontratado<\/a>, de Santiago Eximeno<br \/>\nUn escritor cre\u00f3 su propia editorial para publicar esta novela por entregas protagonizada por un inform\u00e1tico, claro trasunto del autor, que trabaja en una empresa cuyos jefes son monstruos. Literalmente. Un canto al buen ambiente laboral y la falta de resentimiento.<\/p>\n","protected":false},"excerpt":{"rendered":"<p>Razones de peso para respaldar el paso del libro de papel al electr\u00f3nico. O tal vez para temerlo.<\/p>\n","protected":false},"author":15,"featured_media":0,"comment_status":"open","ping_status":"open","sticky":false,"template":"","format":"standard","meta":{"footnotes":""},"categories":[50],"tags":[418,391,417,344,416],"class_list":["post-1083","post","type-post","status-publish","format-standard","hentry","category-elfollonero","tag-francisco-j-illan-vivas","tag-libro-electronico","tag-nebulos","tag-santiago-eximeno","tag-subcontratado"],"_links":{"self":[{"href":"https:\/\/www.literaturaprospectiva.com\/index.php?rest_route=\/wp\/v2\/posts\/1083","targetHints":{"allow":["GET"]}}],"collection":[{"href":"https:\/\/www.literaturaprospectiva.com\/index.php?rest_route=\/wp\/v2\/posts"}],"about":[{"href":"https:\/\/www.literaturaprospectiva.com\/index.php?rest_route=\/wp\/v2\/types\/post"}],"author":[{"embeddable":true,"href":"https:\/\/www.literaturaprospectiva.com\/index.php?rest_route=\/wp\/v2\/users\/15"}],"replies":[{"embeddable":true,"href":"https:\/\/www.literaturaprospectiva.com\/index.php?rest_route=%2Fwp%2Fv2%2Fcomments&post=1083"}],"version-history":[{"count":10,"href":"https:\/\/www.literaturaprospectiva.com\/index.php?rest_route=\/wp\/v2\/posts\/1083\/revisions"}],"predecessor-version":[{"id":9729,"href":"https:\/\/www.literaturaprospectiva.com\/index.php?rest_route=\/wp\/v2\/posts\/1083\/revisions\/9729"}],"wp:attachment":[{"href":"https:\/\/www.literaturaprospectiva.com\/index.php?rest_route=%2Fwp%2Fv2%2Fmedia&parent=1083"}],"wp:term":[{"taxonomy":"category","embeddable":true,"href":"https:\/\/www.literaturaprospectiva.com\/index.php?rest_route=%2Fwp%2Fv2%2Fcategories&post=1083"},{"taxonomy":"post_tag","embeddable":true,"href":"https:\/\/www.literaturaprospectiva.com\/index.php?rest_route=%2Fwp%2Fv2%2Ftags&post=1083"}],"curies":[{"name":"wp","href":"https:\/\/api.w.org\/{rel}","templated":true}]}}