{"id":8670,"date":"2011-11-09T06:30:46","date_gmt":"2011-11-09T04:30:46","guid":{"rendered":"http:\/\/www.literaturaprospectiva.com\/?p=8670"},"modified":"2013-08-08T11:55:36","modified_gmt":"2013-08-08T09:55:36","slug":"jornada-de-ciencia-ficcion-de-la-terbi-noviembre-2011","status":"publish","type":"post","link":"https:\/\/www.literaturaprospectiva.com\/?p=8670","title":{"rendered":"Jornada de ciencia ficci\u00f3n de la TerBi. Noviembre 2011"},"content":{"rendered":"<p>por <strong>Luis Besa<\/strong><\/p>\n<p>Bueno, pues mejor no pod\u00eda ser el contacto de este servidor con los terbinianos, con Bilbao y con la lluvia. Pero como las oto\u00f1ales jornadas de la Terbi dieron bastante de s\u00ed, empiezo con\u2026<\/p>\n<p><em><a href=\"http:\/\/www.literaturaprospectiva.com\/wp-content\/uploads\/dsc_0004.jpg\"><img loading=\"lazy\" decoding=\"async\" class=\"size-medium wp-image-8674 alignleft\" style=\"margin-left: 3px; margin-right: 3px;\" title=\"dsc_0004\" src=\"http:\/\/www.literaturaprospectiva.com\/wp-content\/uploads\/dsc_0004-300x199.jpg\" alt=\"\" width=\"300\" height=\"199\" srcset=\"https:\/\/www.literaturaprospectiva.com\/wp-content\/uploads\/dsc_0004-300x199.jpg 300w, https:\/\/www.literaturaprospectiva.com\/wp-content\/uploads\/dsc_0004.jpg 500w\" sizes=\"auto, (max-width: 300px) 100vw, 300px\" \/><\/a>V de Mariano Villareal<\/em><\/p>\n<p>Y es que el hombre andaba misterioso \u00faltimamente. Se rumoreaba un nuevo proyecto de campanillos. A toro pasado, que la presentaci\u00f3n fuera el 5 de noviembre y que simult\u00e1neamente en Buenos Aires, Luis Pestarini hiciera lo propio, ya era una pista gorda. Y la verdad, que este par se propongan (con la ayuda de Manuel de los Reyes y Sportula volar\u00e1n el Parlamento disfrazados Fawkes), con una antolog\u00eda PAGAR a los autores (s\u00ed, han le\u00eddo bien, de <em>pacare-pacaren<\/em>, de soltar dinerito) creo yo se merece abrir estas cr\u00f3nicas.<\/p>\n<p>Estamos hablando del proyecto <em>Terra Nova<\/em>, una antolog\u00eda de la ciencia ficci\u00f3n contempor\u00e1nea, que Fawkes mediante ver\u00e1 la luz en abril 2012.<\/p>\n<p>Pero vayamos al n\u00facleo. \u00bfPor qu\u00e9 pagar cuando hoy es la gente la que paga por publicar sus bodrios y pesti\u00f1os? Pues por eso, porque tanto bodrio est\u00e1 matando el relato y se impone primar la calidad sobre la verborrea y el compadreo. Ahora bien, que los familiares de los citados no se apresuren a incapacitarles judicialmente. La cosa tiene su estructura financiera y se pretende darle vida por suscripci\u00f3n. Un precio ventajoso para los cien o doscientos que contribuyan a viabilizar la movida y, para el resto que llegue tarde, tirada a demanda.<\/p>\n<p>Segunda matizaci\u00f3n, en <em>Terra Nova<\/em> no entrar\u00e1 cualquier mutada. Se buscan relatos que reflexionen sobre el futuro, que aporten un plus especulativo en un intento por retomar\u00a0 la influencia social que en su d\u00eda pudo tener la ciencia ficci\u00f3n, vestida de prospectiva. Relatos reflexivos, comerciales o no, que ayuden a entender la que nos espera, pobres sapiens del siglo XXI.<\/p>\n<p>Y esto es lo que present\u00f3 sobriamente Mariano Villareal un cinco de noviembre en Bilbao: Una antolog\u00eda con garant\u00edas de seriedad. M\u00e1s informaci\u00f3n <a href=\"http:\/\/novaficcion.wordpress.com\/2011\/10\/07\/normas-para-la-presentacion-de-originales\/\" target=\"_blank\">aqu\u00ed<\/a>.<\/p>\n<p><em><a href=\"http:\/\/www.literaturaprospectiva.com\/wp-content\/uploads\/dsc_0005.jpg\"><img loading=\"lazy\" decoding=\"async\" class=\"size-medium wp-image-8671 alignright\" style=\"margin-left: 3px; margin-right: 3px;\" title=\"dsc_0005\" src=\"http:\/\/www.literaturaprospectiva.com\/wp-content\/uploads\/dsc_0005-300x199.jpg\" alt=\"\" width=\"300\" height=\"199\" srcset=\"https:\/\/www.literaturaprospectiva.com\/wp-content\/uploads\/dsc_0005-300x199.jpg 300w, https:\/\/www.literaturaprospectiva.com\/wp-content\/uploads\/dsc_0005.jpg 500w\" sizes=\"auto, (max-width: 300px) 100vw, 300px\" \/><\/a>Espiral canta las cincuenta<\/em><\/p>\n<p>Previamente, Ricardo Manzanaro, presidente de la TerBi y el hombre que pone cabeza, pas\u00f3 \u2013sobriamente tambi\u00e9n- revista a las veleidades cienciaficcioneras de autores cl\u00e1sicos. Hablamos del \u201cMecan\u00f3polis\u201d de Unamuno, y del \u201cSue\u00f1o de un Hombre Rid\u00edculo\u201d de Dostoievsky, unos paleofanzines de las Bronte, y los relatos seudocient\u00edficos de Ram\u00f3n y Cajal, entre otros.<\/p>\n<p>A Juan Jos\u00e9 Aroz, legendario editor de Espiral, se le ve ilusionado con su apuesta para 2011 y 2012: <em>Cr\u00f3nicas del Aleph<\/em>. Se trata del debut de Mart\u00edn Gast\u00f3n, un chileno afincado en Par\u00eds que un d\u00eda se present\u00f3 a la editora bilba\u00edna con un original de 800 p\u00e1ginas. Para m\u00ed Aroz es garant\u00eda de calidad. Que adem\u00e1s se decida por primera vez a editar una obra en dos vol\u00famenes y cuya segunda entrega se programe para coincidir con el numero 50 de Espiral Ciencia Ficci\u00f3n creo que es aval sobrado. El primer volumen empieza as\u00ed:<\/p>\n<p>Alek despierta de su largo trance, aturdido por el exceso de informaci\u00f3n. Su consciencia es invadida por las memorias de un futuro condenado. Este cuerpo le es ajeno y su ego es desgarrado por infinitas identidades esparcidas en todos los universos posibles.<\/p>\n<p>Pinta bien.<\/p>\n<p><em>Hevenday y el que suscribe<\/em><\/p>\n<p>Aunque la TerBi responde a Tertulia Fant\u00e1stica de Bilbao, la impresi\u00f3n que me llev\u00e9 fue que est\u00e1 dominada por aficionados a la ciencia ficci\u00f3n. Lo mismo debi\u00f3 pensar Mar\u00eda Bel\u00e9n Fern\u00e1ndez, impulsora de <em><a href=\"http:\/\/www.hevenday.es\/\" target=\"_blank\">Hevenday<\/a><\/em>, la relativamente reciente Asociaci\u00f3n\u00a0 Alavesa para la Promoci\u00f3n de la Literatura Fant\u00e1stica y el Cine Fant\u00e1stico y de Terror. Que un tanto t\u00edmida empez\u00f3 justific\u00e1ndose por practicar el <em>fantasy<\/em>\u2026 como si fuera de la Real Sociedad dispuesta a llevarse los puntos del San Mam\u00e9s. No ten\u00eda porqu\u00e9, la verdad. Mar\u00eda Bel\u00e9n va por su tercera edici\u00f3n de <em>La leyenda de Aranday<\/em> y junto a sus socios, Ra\u00fal M. Gilete y Unai Garc\u00eda, en consorcio con la productora Miedoso Films, ha puesto en marcha un m\u00e1s que interesante proyecto de <em>book-trailers<\/em> y cortos de fantas\u00eda, am\u00e9n de novelas. Mar\u00eda Bel\u00e9n y Unai Garc\u00eda (autor de <em><a href=\"http:\/\/hevelis.blogspot.com\/\" target=\"_blank\">H\u00e9velis<\/a><\/em>) presentaron a sus vecinos vizca\u00ednos su asociaci\u00f3n y someramente sus respectivas obras.<\/p>\n<p><a href=\"http:\/\/www.literaturaprospectiva.com\/wp-content\/uploads\/dsc_0013.jpg\"><img loading=\"lazy\" decoding=\"async\" class=\"size-medium wp-image-8675 alignleft\" style=\"margin-left: 3px; margin-right: 3px;\" title=\"dsc_0013\" src=\"http:\/\/www.literaturaprospectiva.com\/wp-content\/uploads\/dsc_0013-300x199.jpg\" alt=\"\" width=\"300\" height=\"199\" srcset=\"https:\/\/www.literaturaprospectiva.com\/wp-content\/uploads\/dsc_0013-300x199.jpg 300w, https:\/\/www.literaturaprospectiva.com\/wp-content\/uploads\/dsc_0013.jpg 500w\" sizes=\"auto, (max-width: 300px) 100vw, 300px\" \/><\/a>Menos somero fui yo, el que suscribe, autor de <em>\u00cdnsula Avataria<\/em>, y libro del que habl\u00e9 y habl\u00e9 hasta que Ricardo Manzanaro me dio el preceptivo toque. Bueno, la verdad es que lejos de acabar con mis huesos en la r\u00eda, lo pasamos bien y me volv\u00ed, no ya de vac\u00edo al pueblo, sino con una lista de encargos. Que tengo bien presente, no crean, tendr\u00e1n noticias m\u00edas\u2026<\/p>\n<p><em>Diego Valor<\/em><\/p>\n<p>Termin\u00f3 la jornada a lo grande con una frikada de Angel Rodr\u00edguez sobre <em>Diego Valor<\/em>, el vadem\u00e9cum anti Flash Gordon ideado en tiempos de Franco para cristianizar la ciencia ficci\u00f3n y darle un marchamo imperial. Flipante historia que busca un guionista. Imaginen, un general de infanter\u00eda que escribe radionovelas galantes, toda una galer\u00eda de pulperos a duro al servicio de un h\u00e9roe patrio que, literalmente, conmocion\u00f3 a una generaci\u00f3n de espa\u00f1oles. \u201cIngenieros\u201d de estudio imitando el sonido del l\u00e1ser con un pito de agua\u2026 Supongo que los fandomitas sabr\u00e1n la historia. Yo ten\u00eda vagas referencias de mi padre (cuando me dijo: \u201c\u00bfas\u00ed que tu novela es de ciencia ficci\u00f3n, eh? \u00bfSin duda conocer\u00e1s a <em>Diego Valor<\/em>?\u201d\u2026 bochornoso silencio del primog\u00e9nito) m\u00e1s alguna cosa le\u00edda por all\u00ed posteriormente, pero estoy seguro que Rodr\u00edguez no exagera ni un pelo cuando afirma que la ciencia ficci\u00f3n eclosion\u00f3 en Espa\u00f1a con las radionovelas de esta adaptaci\u00f3n del comic ingl\u00e9s <em>Dan Dare<\/em>. El serial lo emiti\u00f3 la Ser del 53 al 58, para posteriormente dar paso al c\u00f3mic.<\/p>\n<p>Lamentablemente, nada queda de la radionovela y hoy toca conformarse con los tebeos de media rubia para conocer los avatares de este valeroso oficial de las fuerzas aeroespaciales espa\u00f1olas, que con sus ayudantes Laffite y Portol\u00e9s, y el apoyo de su novia Beatriz (apoyo de \u00edndole cient\u00edfica, que para lo otro el pobre Valor me da que se pasaba las traves\u00edas con el cinco contra uno), plantaban cara al diab\u00f3lico Sandor y el no menos alevoso Mekong (ojo con el nombre). Patriotismo y coraje.<\/p>\n<p><em>Terbinianos<\/em><\/p>\n<p>Personalmente debo decir que disfrut\u00e9 de lo lindo en Bilbao. Para empezar, me gusta tirar de coche y cruzar la meseta. A veces el ambiente que encuentras al llegar es algo cerrado y, bueno, sientes como que sobras. No es as\u00ed en la TerBi. No se\u00f1or. Y eso que llegu\u00e9 un tanto tarde a la cita en la cafeter\u00eda Aroaldi el viernes\u2026 Resulta que llov\u00eda a la manera de la Biblia, resulta que la cafeter\u00eda est\u00e1 junto a un sal\u00f3n de t\u00e9 (conceptos parejos, al menos en mi pueblo)\u2026 Resulta que en el sal\u00f3n de t\u00e9 hab\u00eda una reuni\u00f3n de unos veinte t\u00edos. Resulta que me dije: deben ser de la TerBi. Resulta que los del sal\u00f3n de t\u00e9 no bajaban de setenta. Hombre, estaba advertido de que la TerBi es una tertulia de solera\u2026 \u00a1pero tanta!\u2026 Me extra\u00f1\u00f3 y antes de meterla hasta el corvej\u00f3n me di una vuelta y justo, la cafeter\u00eda: la TerBi y sus realmente fant\u00e1sticos terbinianos dentro.<\/p>\n<p>Tras presentarme a Ricardo Manzanaro, conoc\u00ed a Lola Coll, bibliotecaria de la <em>Tercera Fundaci\u00f3n<\/em>, a Juan Jos\u00e9 Aroz, a C\u00e9sar Higuero, al multipremiado Jos\u00e9 Luis Gonz\u00e1lez, por no hablarles del \u201ccorreoso\u201d periodista Luis Alfonso G\u00e1mez, azote del maguferio (<a href=\"http:\/\/www.youtube.com\/watch?v=yHMYCCukrDU\" target=\"_blank\">adjunto un v\u00eddeo<\/a> y <a href=\"http:\/\/cazadebunkers.wordpress.com\/2011\/10\/21\/declaracion-de-guerra-a-luis-alfonso-gamez-y-a-sus-pseudoescepticos-profesionales\/\" target=\"_blank\">una hilarante declaraci\u00f3n de guerra contra su persona<\/a> recientemente desatada por los reptilianos, advierto que lo de los 200.000 euros es aproximado). Habl\u00e9 con Unai de <em><a href=\"http:\/\/www.alt64.org\/\" target=\"_blank\">Alt 64<\/a><\/em> y Alex de Herc\u00f3lubus (digo que habl\u00e9 con ellos del planeta que se acerca, no que Alex sea de all\u00ed);\u00a0 del enemigo de Houdini Joaqu\u00edn Mar\u00eda de Argamasilla de la Cerda y Elio (am\u00e9n de ser el \u00fanico espa\u00f1ol con rayos X, o tal vez por ello, director general de cine con Franco); del l\u00edo que se trae cierto autor guiri adicto a las portadas impactantes con cierta fandomita. <em><a href=\"http:\/\/aroz.izar.net\/nuestra-coleccion\/titulos-anteriores\/el-hijo-del-profeta.php\" target=\"_blank\">De cr\u00f3nicas del Aleph<\/a><\/em>, de urbanismo y quesos\u2026 Conoc\u00ed a Juan Mora y su \u201cmoroneta\u201d, flipante hito en el <em>marketing<\/em> guerrillero al que nos vemos abocados los pobrecitos autores\u2026\u00a0 En fin\u2026 memorable. Y podr\u00eda seguir, que material me sobra, como el descacharrante intento por meternos un mont\u00f3n de gente en el templo de moda de la cocina japonesa, el Shibu Bilbo (en la puerta, guardando cola, estaba alguien as\u00ed como el hermano mega-pijo de Boris Izaguirre, y mi cartera se puso a llorar). M\u00e1s copas, m\u00e1s lluvia y alerta roja por inundaciones. De lo f\u00e1cil que es encontrar un bar en el casco viejo y lo dif\u00edcil que es acertar con tu pensi\u00f3n\u2026 Lo dejo para no cansar.<\/p>\n<p><a href=\"http:\/\/www.literaturaprospectiva.com\/wp-content\/uploads\/dsc_0009.jpg\"><img loading=\"lazy\" decoding=\"async\" class=\"size-medium wp-image-8672 alignright\" style=\"margin-left: 3px; margin-right: 3px;\" title=\"dsc_0009\" src=\"http:\/\/www.literaturaprospectiva.com\/wp-content\/uploads\/dsc_0009-300x199.jpg\" alt=\"\" width=\"300\" height=\"199\" srcset=\"https:\/\/www.literaturaprospectiva.com\/wp-content\/uploads\/dsc_0009-300x199.jpg 300w, https:\/\/www.literaturaprospectiva.com\/wp-content\/uploads\/dsc_0009.jpg 500w\" sizes=\"auto, (max-width: 300px) 100vw, 300px\" \/><\/a>Por la ma\u00f1ana, y tras otra serie de aventuras con el Kia, la lluvia, el Nervi\u00f3n y sus dos mil o tres mil puentes, termin\u00e9 de puro milagro en La Bolsa casi puntual, incomparable marco de la jornada (y donde por primera vez en mi vida vi a un t\u00edo secando los zapatos en el secador de manos del servicio). Tras las jornadas, nueva comida de hermandad. M\u00e1s risas y jaleo, m\u00e1s ca\u00f1a contra el maguferio y primer contacto con los <em>sursum corda<\/em> de <em>Prospectiva<\/em>, Mariano e Ignacio Illarregui, de los que puedo dar fe de su existencia corp\u00f3rea (hasta la fecha, limitada a correos). En rigor, con Ignacio guardamos un vago recuerdo de un encuentro en 2007 en las a\u00f1oradas jornadas de Valdeavellano. Poner caras a los <em>nicks<\/em> mola.<\/p>\n<p>Me perd\u00ed la presentaci\u00f3n de Cotrina en Vitoria; inmunes al aguacero y consumido el caf\u00e9, no fueron pocos los terbinianos que trincaron sus lanzaderas prestos a seguir la juerga a <em><a href=\"http:\/\/www.hevenday.es\/?p=389\" target=\"_blank\">La sombra de la luna<\/a><\/em>, en la librer\u00eda Ronin, donde el vitoriano presentaba su nueva novela. Visto lo visto, p\u00e9same un huevo rajarme, pero me acojon\u00f3 el aguacero y los 400 km que me separaban de casa (esto me pasa por no ser del mismo Bilbao y por haberme quitado de la coca en una mala pensada). Me queda, eso s\u00ed, Van Morrison y el Kia. 400 km por delante, con el parabrisas escupiendo agua y m\u00e1s agua. Como dice Kevafis, \u201cque el camino sea largo y lleno de conocimientos\u201d\u2026<\/p>\n","protected":false},"excerpt":{"rendered":"<p>por Luis Besa Bueno, pues mejor no pod\u00eda ser el contacto de este servidor con los terbinianos, con Bilbao y con la lluvia. Pero como las oto\u00f1ales jornadas de la Terbi dieron bastante de s\u00ed, empiezo con\u2026 V de Mariano [&hellip;]<\/p>\n","protected":false},"author":26,"featured_media":0,"comment_status":"open","ping_status":"open","sticky":false,"template":"","format":"standard","meta":{"footnotes":""},"categories":[312],"tags":[1776,1824,1798,569,371,1779,353,1823],"class_list":["post-8670","post","type-post","status-publish","format-standard","hentry","category-cronicas","tag-cronicas-del-aleph","tag-diego-valor","tag-insula-avataria","tag-luis-besa","tag-mariano-villarreal","tag-martin-gaston","tag-terbi","tag-terra-nova"],"_links":{"self":[{"href":"https:\/\/www.literaturaprospectiva.com\/index.php?rest_route=\/wp\/v2\/posts\/8670","targetHints":{"allow":["GET"]}}],"collection":[{"href":"https:\/\/www.literaturaprospectiva.com\/index.php?rest_route=\/wp\/v2\/posts"}],"about":[{"href":"https:\/\/www.literaturaprospectiva.com\/index.php?rest_route=\/wp\/v2\/types\/post"}],"author":[{"embeddable":true,"href":"https:\/\/www.literaturaprospectiva.com\/index.php?rest_route=\/wp\/v2\/users\/26"}],"replies":[{"embeddable":true,"href":"https:\/\/www.literaturaprospectiva.com\/index.php?rest_route=%2Fwp%2Fv2%2Fcomments&post=8670"}],"version-history":[{"count":5,"href":"https:\/\/www.literaturaprospectiva.com\/index.php?rest_route=\/wp\/v2\/posts\/8670\/revisions"}],"predecessor-version":[{"id":9772,"href":"https:\/\/www.literaturaprospectiva.com\/index.php?rest_route=\/wp\/v2\/posts\/8670\/revisions\/9772"}],"wp:attachment":[{"href":"https:\/\/www.literaturaprospectiva.com\/index.php?rest_route=%2Fwp%2Fv2%2Fmedia&parent=8670"}],"wp:term":[{"taxonomy":"category","embeddable":true,"href":"https:\/\/www.literaturaprospectiva.com\/index.php?rest_route=%2Fwp%2Fv2%2Fcategories&post=8670"},{"taxonomy":"post_tag","embeddable":true,"href":"https:\/\/www.literaturaprospectiva.com\/index.php?rest_route=%2Fwp%2Fv2%2Ftags&post=8670"}],"curies":[{"name":"wp","href":"https:\/\/api.w.org\/{rel}","templated":true}]}}